{"id":6669,"date":"2026-03-16T06:35:19","date_gmt":"2026-03-16T06:35:19","guid":{"rendered":"https:\/\/berdemozes.ro\/?p=6669"},"modified":"2026-03-16T06:41:59","modified_gmt":"2026-03-16T06:41:59","slug":"unnepi-hetvege-erasmus-kereteben-szekelykereszturon","status":"publish","type":"post","link":"http:\/\/berdemozes.ro\/index.php\/2026\/03\/16\/unnepi-hetvege-erasmus-kereteben-szekelykereszturon\/","title":{"rendered":"\u00dcnnepi h\u00e9tv\u00e9ge Erasmus+ keret\u00e9ben, Sz\u00e9kelykereszt\u00faron, 2026. m\u00e1rcius 12-16."},"content":{"rendered":"<div class=\"wp-block-image\">\n<figure class=\"alignleft size-large is-resized\"><img fetchpriority=\"high\" decoding=\"async\" width=\"1024\" height=\"768\" src=\"https:\/\/berdemozes.ro\/wp-content\/uploads\/2026\/03\/647409125_922942853832801_8675571491054367021_n-1024x768.jpg\" alt=\"\" class=\"wp-image-6671\" style=\"width:312px;height:auto\" srcset=\"http:\/\/berdemozes.ro\/wp-content\/uploads\/2026\/03\/647409125_922942853832801_8675571491054367021_n-1024x768.jpg 1024w, http:\/\/berdemozes.ro\/wp-content\/uploads\/2026\/03\/647409125_922942853832801_8675571491054367021_n-300x225.jpg 300w, http:\/\/berdemozes.ro\/wp-content\/uploads\/2026\/03\/647409125_922942853832801_8675571491054367021_n-768x576.jpg 768w, http:\/\/berdemozes.ro\/wp-content\/uploads\/2026\/03\/647409125_922942853832801_8675571491054367021_n-1536x1152.jpg 1536w, http:\/\/berdemozes.ro\/wp-content\/uploads\/2026\/03\/647409125_922942853832801_8675571491054367021_n.jpg 2048w\" sizes=\"(max-width: 1024px) 100vw, 1024px\" \/><\/figure><\/div>\n\n\n<p>A program c\u00e9lja a matematikai gondolkod\u00e1s fejleszt\u00e9s\u00e9t szolg\u00e1l\u00f3 korszer\u0171 m\u00f3dszerek \u00e9s taneszk\u00f6z\u00f6k k\u00f6z\u00f6s kipr\u00f3b\u00e1l\u00e1sa, valamint a di\u00e1kok probl\u00e9mamegold\u00f3 \u00e9s logikai k\u00e9szs\u00e9geinek fejleszt\u00e9se volt. A r\u00e9szt vev\u0151 iskol\u00e1k k\u00f6z\u00f6tt m\u00e1r kor\u00e1bban kialakult testv\u00e9riskolai kapcsolat m\u0171k\u00f6dik, amelynek alapj\u00e1t Budapest XVII. ker\u00fclet\u00e9nek \u00e9s Zenta v\u00e1ros\u00e1nak Sz\u00e9kelykereszt\u00farral fenn\u00e1ll\u00f3 testv\u00e9rv\u00e1rosi kapcsolata adja. Ennek k\u00f6sz\u00f6nhet\u0151en a tal\u00e1lkoz\u00f3 nemcsak szakmai, hanem k\u00f6z\u00f6ss\u00e9g\u00e9p\u00edt\u0151 jelent\u0151s\u00e9ggel is b\u00edrt.<\/p>\n\n\n\n<p>A vend\u00e9gek \u00e9rkez\u00e9s\u00e9t k\u00f6vet\u0151en a h\u00e1zigazda iskola r\u00f6vid iskolat\u00f6rt\u00e9neti bemutat\u00f3val fogadta a di\u00e1kokat \u00e9s tan\u00e1rokat, amely betekint\u00e9st ny\u00fajtott a Berde M\u00f3zes Unit\u00e1rius Gimn\u00e1zium m\u00faltj\u00e1ba \u00e9s hagyom\u00e1nyaiba. A program k\u00f6zponti elemei a matematikai k\u00e9szs\u00e9gfejleszt\u00e9st szolg\u00e1l\u00f3 foglalkoz\u00e1sok voltak. A p\u00e9nteki napon t\u00f6bb alkalomb\u00f3l \u00e1ll\u00f3 m\u0171helymunka keret\u00e9ben a di\u00e1kok k\u00fcl\u00f6nb\u00f6z\u0151 logikai feladatokon, probl\u00e9mamegold\u00f3 j\u00e1t\u00e9kokon \u00e9s k\u00e9szs\u00e9gfejleszt\u0151 seg\u00e9danyagokon dolgoztak. A tev\u00e9kenys\u00e9gek sor\u00e1n k\u00f6z\u00f6sen pr\u00f3b\u00e1lt\u00e1k ki azokat az oktat\u00e1si eszk\u00f6z\u00f6ket, amelyek a projekt c\u00e9ljainak megfelel\u0151en a matematikai gondolkod\u00e1s fejleszt\u00e9s\u00e9t szolg\u00e1lj\u00e1k.<\/p>\n\n\n\n<p>A k\u00f6z\u00f6s munka sor\u00e1n a r\u00e9sztvev\u0151k vegyes csoportokban dolgoztak, \u00edgy a k\u00fcl\u00f6nb\u00f6z\u0151 iskol\u00e1k di\u00e1kjai egy\u00fctt kerestek megold\u00e1sokat a feladatokra. A foglalkoz\u00e1sok lehet\u0151s\u00e9get adtak arra is, hogy a tan\u00e1rok tapasztalatot cser\u00e9ljenek a matematika tan\u00edt\u00e1s\u00e1nak m\u00f3dszereir\u0151l \u00e9s a tehets\u00e9ggondoz\u00e1s gyakorlati k\u00e9rd\u00e9seir\u0151l. A programot kultur\u00e1lis \u00e9s k\u00f6z\u00f6ss\u00e9gi \u00e9lm\u00e9nyek is gazdag\u00edtott\u00e1k.<\/p>\n\n\n<div class=\"wp-block-image\">\n<figure class=\"alignright size-large is-resized\"><img decoding=\"async\" width=\"1024\" height=\"768\" src=\"https:\/\/berdemozes.ro\/wp-content\/uploads\/2026\/03\/647739449_961258539757128_4474667727550447271_n-1024x768.jpg\" alt=\"\" class=\"wp-image-6670\" style=\"width:306px;height:auto\" srcset=\"http:\/\/berdemozes.ro\/wp-content\/uploads\/2026\/03\/647739449_961258539757128_4474667727550447271_n-1024x768.jpg 1024w, http:\/\/berdemozes.ro\/wp-content\/uploads\/2026\/03\/647739449_961258539757128_4474667727550447271_n-300x225.jpg 300w, http:\/\/berdemozes.ro\/wp-content\/uploads\/2026\/03\/647739449_961258539757128_4474667727550447271_n-768x576.jpg 768w, http:\/\/berdemozes.ro\/wp-content\/uploads\/2026\/03\/647739449_961258539757128_4474667727550447271_n-1536x1152.jpg 1536w, http:\/\/berdemozes.ro\/wp-content\/uploads\/2026\/03\/647739449_961258539757128_4474667727550447271_n.jpg 2048w\" sizes=\"(max-width: 1024px) 100vw, 1024px\" \/><\/figure><\/div>\n\n\n<p>A h\u00e9tv\u00e9ge sor\u00e1n a r\u00e9sztvev\u0151k megismerkedtek Sz\u00e9kelyf\u00f6ld t\u00f6bb jelent\u0151s kultur\u00e1lis helysz\u00edn\u00e9vel is. Kir\u00e1ndul\u00e1st tettek a sz\u00e9kelyderzsi unit\u00e1rius v\u00e1rtemplomhoz, ell\u00e1togattak Farkaslak\u00e1ra, ahol megkoszor\u00fazt\u00e1k Tam\u00e1si \u00c1ron s\u00edrj\u00e1t, majd a Szejkef\u00fcrd\u0151n megtekintett\u00e9k Orb\u00e1n Bal\u00e1zs s\u00edrj\u00e1t \u00e9s a Mini Erd\u00e9ly Parkot. A program r\u00e9szek\u00e9nt n\u00e9pt\u00e1ncoktat\u00e1son is r\u00e9szt vettek, amely tov\u00e1bb er\u0151s\u00edtette a k\u00f6z\u00f6ss\u00e9gi \u00e9lm\u00e9nyt.<\/p>\n\n\n\n<p>A Budapest XVII. ker\u00fcleti K\u0151r\u00f6si Csoma S\u00e1ndor \u00c1ltal\u00e1nos Iskola \u00e9s Gimn\u00e1zium, valamint a Zentai Bolyai Tehets\u00e9ggondoz\u00f3 Gimn\u00e1zium \u00e9s Koll\u00e9gium 15\u201315 f\u0151s di\u00e1kcsoportja \u00e9s k\u00eds\u00e9r\u0151tan\u00e1rai 2026. m\u00e1rcius 12\u201316. k\u00f6z\u00f6tt l\u00e1togat\u00e1st tettek Sz\u00e9kelykereszt\u00faron, a Berde M\u00f3zes Unit\u00e1rius Gimn\u00e1zium megh\u00edv\u00e1s\u00e1ra. A tal\u00e1lkoz\u00f3 a <strong>\u201eKorszer\u0171 m\u00f3dszerekkel a probl\u00e9mamegold\u00f3 gondolkod\u00e1s, logikai k\u00e9szs\u00e9g fejleszt\u00e9s\u00e9\u00e9rt \u2013 oktat\u00e1si seg\u00e9deszk\u00f6z \u00f6ssze\u00e1ll\u00edt\u00e1sa K\u00e1rp\u00e1t-medencei egy\u00fcttm\u0171k\u00f6d\u00e9sben\u201d<\/strong> c\u00edm\u0171, <strong>2025-1-HU01-KA210-SCH-000361774<\/strong> k\u00f3dsz\u00e1m\u00fa nemzetk\u00f6zi projekt keret\u00e9ben val\u00f3sult meg.<\/p>\n\n\n\n<p>A l\u00e1togat\u00e1s k\u00fcl\u00f6nleges jelent\u0151s\u00e9get kapott a m\u00e1rcius 15-i nemzeti \u00fcnnep alkalm\u00e1b\u00f3l szervezett esem\u00e9nyek r\u00e9v\u00e9n. A vend\u00e9gdi\u00e1kok r\u00e9szt vettek a Berde M\u00f3zes szobr\u00e1n\u00e1l tartott \u00fcnnepi koszor\u00faz\u00e1son, majd az unit\u00e1rius templomban tartott \u00fcnnepi istentiszteleten. Ezt k\u00f6vet\u0151en bekapcsol\u00f3dtak a v\u00e1rosi \u00fcnnepi felvonul\u00e1sba \u00e9s megeml\u00e9kez\u00e9sbe is, ahol k\u00f6z\u00f6sen tisztelegtek az 1848\u201349-es forradalom \u00e9s szabads\u00e1gharc h\u0151sei el\u0151tt.<\/p>\n\n\n\n<p>A program v\u00e9g\u00e9n a r\u00e9sztvev\u0151k egy k\u00f6z\u00f6s gyalogt\u00fara sor\u00e1n az Ugron-kast\u00e9lyt is felkerest\u00e9k, majd h\u00e9tf\u0151n reggel indultak haza. A sz\u00e9kelykereszt\u00fari tal\u00e1lkoz\u00f3 nemcsak a projekt szakmai c\u00e9ljainak megval\u00f3s\u00edt\u00e1s\u00e1t seg\u00edtette, hanem tov\u00e1bb er\u0151s\u00edtette a h\u00e1rom iskola \u00e9s a testv\u00e9rv\u00e1rosok k\u00f6z\u00f6tti kapcsolatot is. A k\u00f6z\u00f6s munka \u00e9s az egy\u00fctt \u00e1t\u00e9lt \u00e9lm\u00e9nyek hozz\u00e1j\u00e1rultak ahhoz, hogy a di\u00e1kok \u00e9s tan\u00e1rok egyar\u00e1nt gazdag tapasztalatokkal t\u00e9rjenek haza.<\/p>\n\n\n<div class=\"wp-block-image\">\n<figure class=\"aligncenter size-full\"><img decoding=\"async\" width=\"410\" height=\"123\" src=\"http:\/\/berdemozes.ro\/wp-content\/uploads\/2026\/03\/letoltes.png\" alt=\"\" class=\"wp-image-6613\" srcset=\"http:\/\/berdemozes.ro\/wp-content\/uploads\/2026\/03\/letoltes.png 410w, http:\/\/berdemozes.ro\/wp-content\/uploads\/2026\/03\/letoltes-300x90.png 300w\" sizes=\"(max-width: 410px) 100vw, 410px\" \/><\/figure><\/div>","protected":false},"excerpt":{"rendered":"<p>A program c\u00e9lja a matematikai gondolkod\u00e1s fejleszt\u00e9s\u00e9t szolg\u00e1l\u00f3 korszer\u0171 m\u00f3dszerek \u00e9s taneszk\u00f6z\u00f6k k\u00f6z\u00f6s kipr\u00f3b\u00e1l\u00e1sa, valamint a di\u00e1kok probl\u00e9mamegold\u00f3 \u00e9s logikai k\u00e9szs\u00e9geinek fejleszt\u00e9se volt. A r\u00e9szt vev\u0151 iskol\u00e1k k\u00f6z\u00f6tt m\u00e1r kor\u00e1bban &#8230;<\/p>\n","protected":false},"author":6,"featured_media":6659,"comment_status":"open","ping_status":"open","sticky":false,"template":"","format":"standard","meta":{"footnotes":""},"categories":[1],"tags":[],"yoast_head":"<!-- This site is optimized with the Yoast SEO plugin v21.9.1 - https:\/\/yoast.com\/wordpress\/plugins\/seo\/ -->\n<title>\u00dcnnepi h\u00e9tv\u00e9ge Erasmus+ keret\u00e9ben, Sz\u00e9kelykereszt\u00faron, 2026. m\u00e1rcius 12-16. - Berde M\u00f3zes Unit\u00e1rius Gimn\u00e1zium<\/title>\n<meta name=\"robots\" content=\"noindex, follow, max-snippet:-1, max-image-preview:large, max-video-preview:-1\" \/>\n<meta property=\"og:locale\" content=\"hu_HU\" \/>\n<meta property=\"og:type\" content=\"article\" \/>\n<meta property=\"og:title\" content=\"\u00dcnnepi h\u00e9tv\u00e9ge Erasmus+ keret\u00e9ben, Sz\u00e9kelykereszt\u00faron, 2026. m\u00e1rcius 12-16. - Berde M\u00f3zes Unit\u00e1rius Gimn\u00e1zium\" \/>\n<meta property=\"og:description\" content=\"A program c\u00e9lja a matematikai gondolkod\u00e1s fejleszt\u00e9s\u00e9t szolg\u00e1l\u00f3 korszer\u0171 m\u00f3dszerek \u00e9s taneszk\u00f6z\u00f6k k\u00f6z\u00f6s kipr\u00f3b\u00e1l\u00e1sa, valamint a di\u00e1kok probl\u00e9mamegold\u00f3 \u00e9s logikai k\u00e9szs\u00e9geinek fejleszt\u00e9se volt. A r\u00e9szt vev\u0151 iskol\u00e1k k\u00f6z\u00f6tt m\u00e1r kor\u00e1bban ...\" \/>\n<meta property=\"og:url\" content=\"http:\/\/berdemozes.ro\/index.php\/2026\/03\/16\/unnepi-hetvege-erasmus-kereteben-szekelykereszturon\/\" \/>\n<meta property=\"og:site_name\" content=\"Berde M\u00f3zes Unit\u00e1rius Gimn\u00e1zium\" \/>\n<meta property=\"article:publisher\" content=\"https:\/\/www.facebook.com\/bmugim\" \/>\n<meta property=\"article:published_time\" content=\"2026-03-16T06:35:19+00:00\" \/>\n<meta property=\"article:modified_time\" content=\"2026-03-16T06:41:59+00:00\" \/>\n<meta property=\"og:image\" content=\"http:\/\/berdemozes.ro\/wp-content\/uploads\/2026\/03\/erasmus-.jpg\" \/>\n\t<meta property=\"og:image:width\" content=\"850\" \/>\n\t<meta property=\"og:image:height\" content=\"540\" \/>\n\t<meta property=\"og:image:type\" content=\"image\/jpeg\" \/>\n<meta name=\"author\" content=\"Lakatos Sandor\" \/>\n<meta name=\"twitter:card\" content=\"summary_large_image\" \/>\n<meta name=\"twitter:label1\" content=\"Szerz\u0151:\" \/>\n\t<meta name=\"twitter:data1\" content=\"Lakatos Sandor\" \/>\n\t<meta name=\"twitter:label2\" content=\"Becs\u00fclt olvas\u00e1si id\u0151\" \/>\n\t<meta name=\"twitter:data2\" content=\"4 perc\" \/>\n<script type=\"application\/ld+json\" class=\"yoast-schema-graph\">{\"@context\":\"https:\/\/schema.org\",\"@graph\":[{\"@type\":\"Article\",\"@id\":\"http:\/\/berdemozes.ro\/index.php\/2026\/03\/16\/unnepi-hetvege-erasmus-kereteben-szekelykereszturon\/#article\",\"isPartOf\":{\"@id\":\"http:\/\/berdemozes.ro\/index.php\/2026\/03\/16\/unnepi-hetvege-erasmus-kereteben-szekelykereszturon\/\"},\"author\":{\"name\":\"Lakatos Sandor\",\"@id\":\"http:\/\/berdemozes.ro\/#\/schema\/person\/f3b177d7dc3a267d480c5a3ed83cadff\"},\"headline\":\"\u00dcnnepi h\u00e9tv\u00e9ge Erasmus+ keret\u00e9ben, Sz\u00e9kelykereszt\u00faron, 2026. m\u00e1rcius 12-16.\",\"datePublished\":\"2026-03-16T06:35:19+00:00\",\"dateModified\":\"2026-03-16T06:41:59+00:00\",\"mainEntityOfPage\":{\"@id\":\"http:\/\/berdemozes.ro\/index.php\/2026\/03\/16\/unnepi-hetvege-erasmus-kereteben-szekelykereszturon\/\"},\"wordCount\":730,\"commentCount\":0,\"publisher\":{\"@id\":\"http:\/\/berdemozes.ro\/#organization\"},\"articleSection\":[\"Uncategorized\"],\"inLanguage\":\"hu\",\"potentialAction\":[{\"@type\":\"CommentAction\",\"name\":\"Comment\",\"target\":[\"http:\/\/berdemozes.ro\/index.php\/2026\/03\/16\/unnepi-hetvege-erasmus-kereteben-szekelykereszturon\/#respond\"]}]},{\"@type\":\"WebPage\",\"@id\":\"http:\/\/berdemozes.ro\/index.php\/2026\/03\/16\/unnepi-hetvege-erasmus-kereteben-szekelykereszturon\/\",\"url\":\"http:\/\/berdemozes.ro\/index.php\/2026\/03\/16\/unnepi-hetvege-erasmus-kereteben-szekelykereszturon\/\",\"name\":\"\u00dcnnepi h\u00e9tv\u00e9ge Erasmus+ keret\u00e9ben, Sz\u00e9kelykereszt\u00faron, 2026. m\u00e1rcius 12-16. - Berde M\u00f3zes Unit\u00e1rius Gimn\u00e1zium\",\"isPartOf\":{\"@id\":\"http:\/\/berdemozes.ro\/#website\"},\"datePublished\":\"2026-03-16T06:35:19+00:00\",\"dateModified\":\"2026-03-16T06:41:59+00:00\",\"breadcrumb\":{\"@id\":\"http:\/\/berdemozes.ro\/index.php\/2026\/03\/16\/unnepi-hetvege-erasmus-kereteben-szekelykereszturon\/#breadcrumb\"},\"inLanguage\":\"hu\",\"potentialAction\":[{\"@type\":\"ReadAction\",\"target\":[\"http:\/\/berdemozes.ro\/index.php\/2026\/03\/16\/unnepi-hetvege-erasmus-kereteben-szekelykereszturon\/\"]}]},{\"@type\":\"BreadcrumbList\",\"@id\":\"http:\/\/berdemozes.ro\/index.php\/2026\/03\/16\/unnepi-hetvege-erasmus-kereteben-szekelykereszturon\/#breadcrumb\",\"itemListElement\":[{\"@type\":\"ListItem\",\"position\":1,\"name\":\"Home\",\"item\":\"http:\/\/berdemozes.ro\/\"},{\"@type\":\"ListItem\",\"position\":2,\"name\":\"\u00dcnnepi h\u00e9tv\u00e9ge Erasmus+ keret\u00e9ben, Sz\u00e9kelykereszt\u00faron, 2026. m\u00e1rcius 12-16.\"}]},{\"@type\":\"WebSite\",\"@id\":\"http:\/\/berdemozes.ro\/#website\",\"url\":\"http:\/\/berdemozes.ro\/\",\"name\":\"Berde M\u00f3zes Unit\u00e1rius Gimn\u00e1zium\",\"description\":\"A sz\u00e9kelykereszt\u00fari Berde M\u00f3zes Unit\u00e1rius Gimn\u00e1zium weboldala.\",\"publisher\":{\"@id\":\"http:\/\/berdemozes.ro\/#organization\"},\"potentialAction\":[{\"@type\":\"SearchAction\",\"target\":{\"@type\":\"EntryPoint\",\"urlTemplate\":\"http:\/\/berdemozes.ro\/?s={search_term_string}\"},\"query-input\":\"required name=search_term_string\"}],\"inLanguage\":\"hu\"},{\"@type\":\"Organization\",\"@id\":\"http:\/\/berdemozes.ro\/#organization\",\"name\":\"Berde M\u00f3zes Unit\u00e1rius Gimn\u00e1zium\",\"url\":\"http:\/\/berdemozes.ro\/\",\"logo\":{\"@type\":\"ImageObject\",\"inLanguage\":\"hu\",\"@id\":\"http:\/\/berdemozes.ro\/#\/schema\/logo\/image\/\",\"url\":\"http:\/\/berdemozes.ro\/wp-content\/uploads\/2020\/11\/cropped-HEADER-LOGO-2-1.png\",\"contentUrl\":\"http:\/\/berdemozes.ro\/wp-content\/uploads\/2020\/11\/cropped-HEADER-LOGO-2-1.png\",\"width\":213,\"height\":48,\"caption\":\"Berde M\u00f3zes Unit\u00e1rius Gimn\u00e1zium\"},\"image\":{\"@id\":\"http:\/\/berdemozes.ro\/#\/schema\/logo\/image\/\"},\"sameAs\":[\"https:\/\/www.facebook.com\/bmugim\"]},{\"@type\":\"Person\",\"@id\":\"http:\/\/berdemozes.ro\/#\/schema\/person\/f3b177d7dc3a267d480c5a3ed83cadff\",\"name\":\"Lakatos Sandor\",\"image\":{\"@type\":\"ImageObject\",\"inLanguage\":\"hu\",\"@id\":\"http:\/\/berdemozes.ro\/#\/schema\/person\/image\/\",\"url\":\"http:\/\/0.gravatar.com\/avatar\/3529e30313d0b7c2693dedb60d7cbf89?s=96&d=mm&r=g\",\"contentUrl\":\"http:\/\/0.gravatar.com\/avatar\/3529e30313d0b7c2693dedb60d7cbf89?s=96&d=mm&r=g\",\"caption\":\"Lakatos Sandor\"},\"url\":\"http:\/\/berdemozes.ro\/index.php\/author\/lakaros-sandor\/\"}]}<\/script>\n<!-- \/ Yoast SEO plugin. -->","yoast_head_json":{"title":"\u00dcnnepi h\u00e9tv\u00e9ge Erasmus+ keret\u00e9ben, Sz\u00e9kelykereszt\u00faron, 2026. m\u00e1rcius 12-16. - Berde M\u00f3zes Unit\u00e1rius Gimn\u00e1zium","robots":{"index":"noindex","follow":"follow","max-snippet":"max-snippet:-1","max-image-preview":"max-image-preview:large","max-video-preview":"max-video-preview:-1"},"og_locale":"hu_HU","og_type":"article","og_title":"\u00dcnnepi h\u00e9tv\u00e9ge Erasmus+ keret\u00e9ben, Sz\u00e9kelykereszt\u00faron, 2026. m\u00e1rcius 12-16. - Berde M\u00f3zes Unit\u00e1rius Gimn\u00e1zium","og_description":"A program c\u00e9lja a matematikai gondolkod\u00e1s fejleszt\u00e9s\u00e9t szolg\u00e1l\u00f3 korszer\u0171 m\u00f3dszerek \u00e9s taneszk\u00f6z\u00f6k k\u00f6z\u00f6s kipr\u00f3b\u00e1l\u00e1sa, valamint a di\u00e1kok probl\u00e9mamegold\u00f3 \u00e9s logikai k\u00e9szs\u00e9geinek fejleszt\u00e9se volt. A r\u00e9szt vev\u0151 iskol\u00e1k k\u00f6z\u00f6tt m\u00e1r kor\u00e1bban ...","og_url":"http:\/\/berdemozes.ro\/index.php\/2026\/03\/16\/unnepi-hetvege-erasmus-kereteben-szekelykereszturon\/","og_site_name":"Berde M\u00f3zes Unit\u00e1rius Gimn\u00e1zium","article_publisher":"https:\/\/www.facebook.com\/bmugim","article_published_time":"2026-03-16T06:35:19+00:00","article_modified_time":"2026-03-16T06:41:59+00:00","og_image":[{"width":850,"height":540,"url":"http:\/\/berdemozes.ro\/wp-content\/uploads\/2026\/03\/erasmus-.jpg","type":"image\/jpeg"}],"author":"Lakatos Sandor","twitter_card":"summary_large_image","twitter_misc":{"Szerz\u0151:":"Lakatos Sandor","Becs\u00fclt olvas\u00e1si id\u0151":"4 perc"},"schema":{"@context":"https:\/\/schema.org","@graph":[{"@type":"Article","@id":"http:\/\/berdemozes.ro\/index.php\/2026\/03\/16\/unnepi-hetvege-erasmus-kereteben-szekelykereszturon\/#article","isPartOf":{"@id":"http:\/\/berdemozes.ro\/index.php\/2026\/03\/16\/unnepi-hetvege-erasmus-kereteben-szekelykereszturon\/"},"author":{"name":"Lakatos Sandor","@id":"http:\/\/berdemozes.ro\/#\/schema\/person\/f3b177d7dc3a267d480c5a3ed83cadff"},"headline":"\u00dcnnepi h\u00e9tv\u00e9ge Erasmus+ keret\u00e9ben, Sz\u00e9kelykereszt\u00faron, 2026. m\u00e1rcius 12-16.","datePublished":"2026-03-16T06:35:19+00:00","dateModified":"2026-03-16T06:41:59+00:00","mainEntityOfPage":{"@id":"http:\/\/berdemozes.ro\/index.php\/2026\/03\/16\/unnepi-hetvege-erasmus-kereteben-szekelykereszturon\/"},"wordCount":730,"commentCount":0,"publisher":{"@id":"http:\/\/berdemozes.ro\/#organization"},"articleSection":["Uncategorized"],"inLanguage":"hu","potentialAction":[{"@type":"CommentAction","name":"Comment","target":["http:\/\/berdemozes.ro\/index.php\/2026\/03\/16\/unnepi-hetvege-erasmus-kereteben-szekelykereszturon\/#respond"]}]},{"@type":"WebPage","@id":"http:\/\/berdemozes.ro\/index.php\/2026\/03\/16\/unnepi-hetvege-erasmus-kereteben-szekelykereszturon\/","url":"http:\/\/berdemozes.ro\/index.php\/2026\/03\/16\/unnepi-hetvege-erasmus-kereteben-szekelykereszturon\/","name":"\u00dcnnepi h\u00e9tv\u00e9ge Erasmus+ keret\u00e9ben, Sz\u00e9kelykereszt\u00faron, 2026. m\u00e1rcius 12-16. - Berde M\u00f3zes Unit\u00e1rius Gimn\u00e1zium","isPartOf":{"@id":"http:\/\/berdemozes.ro\/#website"},"datePublished":"2026-03-16T06:35:19+00:00","dateModified":"2026-03-16T06:41:59+00:00","breadcrumb":{"@id":"http:\/\/berdemozes.ro\/index.php\/2026\/03\/16\/unnepi-hetvege-erasmus-kereteben-szekelykereszturon\/#breadcrumb"},"inLanguage":"hu","potentialAction":[{"@type":"ReadAction","target":["http:\/\/berdemozes.ro\/index.php\/2026\/03\/16\/unnepi-hetvege-erasmus-kereteben-szekelykereszturon\/"]}]},{"@type":"BreadcrumbList","@id":"http:\/\/berdemozes.ro\/index.php\/2026\/03\/16\/unnepi-hetvege-erasmus-kereteben-szekelykereszturon\/#breadcrumb","itemListElement":[{"@type":"ListItem","position":1,"name":"Home","item":"http:\/\/berdemozes.ro\/"},{"@type":"ListItem","position":2,"name":"\u00dcnnepi h\u00e9tv\u00e9ge Erasmus+ keret\u00e9ben, Sz\u00e9kelykereszt\u00faron, 2026. m\u00e1rcius 12-16."}]},{"@type":"WebSite","@id":"http:\/\/berdemozes.ro\/#website","url":"http:\/\/berdemozes.ro\/","name":"Berde M\u00f3zes Unit\u00e1rius Gimn\u00e1zium","description":"A sz\u00e9kelykereszt\u00fari Berde M\u00f3zes Unit\u00e1rius Gimn\u00e1zium weboldala.","publisher":{"@id":"http:\/\/berdemozes.ro\/#organization"},"potentialAction":[{"@type":"SearchAction","target":{"@type":"EntryPoint","urlTemplate":"http:\/\/berdemozes.ro\/?s={search_term_string}"},"query-input":"required name=search_term_string"}],"inLanguage":"hu"},{"@type":"Organization","@id":"http:\/\/berdemozes.ro\/#organization","name":"Berde M\u00f3zes Unit\u00e1rius Gimn\u00e1zium","url":"http:\/\/berdemozes.ro\/","logo":{"@type":"ImageObject","inLanguage":"hu","@id":"http:\/\/berdemozes.ro\/#\/schema\/logo\/image\/","url":"http:\/\/berdemozes.ro\/wp-content\/uploads\/2020\/11\/cropped-HEADER-LOGO-2-1.png","contentUrl":"http:\/\/berdemozes.ro\/wp-content\/uploads\/2020\/11\/cropped-HEADER-LOGO-2-1.png","width":213,"height":48,"caption":"Berde M\u00f3zes Unit\u00e1rius Gimn\u00e1zium"},"image":{"@id":"http:\/\/berdemozes.ro\/#\/schema\/logo\/image\/"},"sameAs":["https:\/\/www.facebook.com\/bmugim"]},{"@type":"Person","@id":"http:\/\/berdemozes.ro\/#\/schema\/person\/f3b177d7dc3a267d480c5a3ed83cadff","name":"Lakatos Sandor","image":{"@type":"ImageObject","inLanguage":"hu","@id":"http:\/\/berdemozes.ro\/#\/schema\/person\/image\/","url":"http:\/\/0.gravatar.com\/avatar\/3529e30313d0b7c2693dedb60d7cbf89?s=96&d=mm&r=g","contentUrl":"http:\/\/0.gravatar.com\/avatar\/3529e30313d0b7c2693dedb60d7cbf89?s=96&d=mm&r=g","caption":"Lakatos Sandor"},"url":"http:\/\/berdemozes.ro\/index.php\/author\/lakaros-sandor\/"}]}},"jetpack_sharing_enabled":true,"jetpack_featured_media_url":"http:\/\/berdemozes.ro\/wp-content\/uploads\/2026\/03\/erasmus-.jpg","_links":{"self":[{"href":"http:\/\/berdemozes.ro\/index.php\/wp-json\/wp\/v2\/posts\/6669"}],"collection":[{"href":"http:\/\/berdemozes.ro\/index.php\/wp-json\/wp\/v2\/posts"}],"about":[{"href":"http:\/\/berdemozes.ro\/index.php\/wp-json\/wp\/v2\/types\/post"}],"author":[{"embeddable":true,"href":"http:\/\/berdemozes.ro\/index.php\/wp-json\/wp\/v2\/users\/6"}],"replies":[{"embeddable":true,"href":"http:\/\/berdemozes.ro\/index.php\/wp-json\/wp\/v2\/comments?post=6669"}],"version-history":[{"count":3,"href":"http:\/\/berdemozes.ro\/index.php\/wp-json\/wp\/v2\/posts\/6669\/revisions"}],"predecessor-version":[{"id":6677,"href":"http:\/\/berdemozes.ro\/index.php\/wp-json\/wp\/v2\/posts\/6669\/revisions\/6677"}],"wp:featuredmedia":[{"embeddable":true,"href":"http:\/\/berdemozes.ro\/index.php\/wp-json\/wp\/v2\/media\/6659"}],"wp:attachment":[{"href":"http:\/\/berdemozes.ro\/index.php\/wp-json\/wp\/v2\/media?parent=6669"}],"wp:term":[{"taxonomy":"category","embeddable":true,"href":"http:\/\/berdemozes.ro\/index.php\/wp-json\/wp\/v2\/categories?post=6669"},{"taxonomy":"post_tag","embeddable":true,"href":"http:\/\/berdemozes.ro\/index.php\/wp-json\/wp\/v2\/tags?post=6669"}],"curies":[{"name":"wp","href":"https:\/\/api.w.org\/{rel}","templated":true}]}}